{"id":5902,"date":"2022-03-22T08:06:24","date_gmt":"2022-03-22T08:06:24","guid":{"rendered":"https:\/\/child-identity.org\/?p=5902"},"modified":"2024-04-28T08:09:37","modified_gmt":"2024-04-28T08:09:37","slug":"seminario-para-la-evaluacion-de-las-desigualdades-en-el-registro","status":"publish","type":"post","link":"https:\/\/www.child-identity.org\/es\/seminario-para-la-evaluacion-de-las-desigualdades-en-el-registro\/","title":{"rendered":"Seminario para la evaluaci\u00f3n de las desigualdades en el registro"},"content":{"rendered":"<p>El 11 de marzo de 2022 se celebr\u00f3 en la Rep\u00fablica Democr\u00e1tica Popular de Laos el seminario introductorio de Estad\u00edsticas Vitales del Registro Civil (CRVS) para evaluar las desigualdades en el registro. Los objetivos principales del taller eran &#8220;ofrecer una visi\u00f3n general del proyecto, seguir desarrollando las relaciones entre las partes interesadas (proveedores de datos, usuarios de datos y responsables pol\u00edticos), aprender de cada parte interesada sobre los posibles retos, como el acceso a los datos, el intercambio de datos y las capacidades de an\u00e1lisis demogr\u00e1fico, y c\u00f3mo se pueden abordar estos retos, para desarrollar de forma colaborativa un plan para avanzar en la evaluaci\u00f3n&#8221;. CHIP acoge con satisfacci\u00f3n esta iniciativa, que contribuir\u00e1 a reducir concretamente las desigualdades en el registro y, por tanto, a respetar mejor el derecho a la identidad.<\/p>\n<p>Fuente: <a href=\"https:\/\/getinthepicture.org\/event\/civil-registration-vital-statistics-crvs-inception-workshop-assessing-inequalities\">https:\/\/getinthepicture.org\/event\/civil-registration-vital-statistics-crvs-inception-workshop-assessing-inequalities<\/a><\/p>\n","protected":false},"excerpt":{"rendered":"<p>El 11 de marzo de 2022 se celebr\u00f3 en la Rep\u00fablica Democr\u00e1tica Popular de Laos el seminario introductorio de Estad\u00edsticas Vitales del Registro Civil (CRVS) para evaluar las desigualdades en el registro. Los objetivos principales del taller eran &#8220;ofrecer una&#8230;<\/p>\n","protected":false},"author":1,"featured_media":5896,"comment_status":"closed","ping_status":"open","sticky":false,"template":"news-post.php","format":"standard","meta":{"footnotes":""},"categories":[258],"tags":[],"information-type":[],"authors":[],"country":[326],"years":[332],"class_list":["post-5902","post","type-post","status-publish","format-standard","has-post-thumbnail","hentry","category-noticias","country-mundo","years-2022-es"],"_links":{"self":[{"href":"https:\/\/www.child-identity.org\/es\/wp-json\/wp\/v2\/posts\/5902","targetHints":{"allow":["GET"]}}],"collection":[{"href":"https:\/\/www.child-identity.org\/es\/wp-json\/wp\/v2\/posts"}],"about":[{"href":"https:\/\/www.child-identity.org\/es\/wp-json\/wp\/v2\/types\/post"}],"author":[{"embeddable":true,"href":"https:\/\/www.child-identity.org\/es\/wp-json\/wp\/v2\/users\/1"}],"replies":[{"embeddable":true,"href":"https:\/\/www.child-identity.org\/es\/wp-json\/wp\/v2\/comments?post=5902"}],"version-history":[{"count":1,"href":"https:\/\/www.child-identity.org\/es\/wp-json\/wp\/v2\/posts\/5902\/revisions"}],"predecessor-version":[{"id":5903,"href":"https:\/\/www.child-identity.org\/es\/wp-json\/wp\/v2\/posts\/5902\/revisions\/5903"}],"wp:featuredmedia":[{"embeddable":true,"href":"https:\/\/www.child-identity.org\/es\/wp-json\/wp\/v2\/media\/5896"}],"wp:attachment":[{"href":"https:\/\/www.child-identity.org\/es\/wp-json\/wp\/v2\/media?parent=5902"}],"wp:term":[{"taxonomy":"category","embeddable":true,"href":"https:\/\/www.child-identity.org\/es\/wp-json\/wp\/v2\/categories?post=5902"},{"taxonomy":"post_tag","embeddable":true,"href":"https:\/\/www.child-identity.org\/es\/wp-json\/wp\/v2\/tags?post=5902"},{"taxonomy":"information-type","embeddable":true,"href":"https:\/\/www.child-identity.org\/es\/wp-json\/wp\/v2\/information-type?post=5902"},{"taxonomy":"authors","embeddable":true,"href":"https:\/\/www.child-identity.org\/es\/wp-json\/wp\/v2\/authors?post=5902"},{"taxonomy":"country","embeddable":true,"href":"https:\/\/www.child-identity.org\/es\/wp-json\/wp\/v2\/country?post=5902"},{"taxonomy":"years","embeddable":true,"href":"https:\/\/www.child-identity.org\/es\/wp-json\/wp\/v2\/years?post=5902"}],"curies":[{"name":"wp","href":"https:\/\/api.w.org\/{rel}","templated":true}]}}