{"id":8098,"date":"2024-03-20T16:46:23","date_gmt":"2024-03-20T16:46:23","guid":{"rendered":"https:\/\/child-identity.org\/?p=8098"},"modified":"2024-10-03T04:23:18","modified_gmt":"2024-10-03T04:23:18","slug":"el-derecho-del-nino-a-una-proteccion-social-inclusiva-en-el-consejo-de-derechos-humanos","status":"publish","type":"post","link":"https:\/\/www.child-identity.org\/es\/el-derecho-del-nino-a-una-proteccion-social-inclusiva-en-el-consejo-de-derechos-humanos\/","title":{"rendered":"El derecho del ni\u00f1o a una protecci\u00f3n social inclusiva en el Consejo de Derechos Humanos"},"content":{"rendered":"<p>Este a\u00f1o, el D\u00eda Anual de los Derechos del Ni\u00f1o incluy\u00f3 una resoluci\u00f3n dedicada a los derechos del ni\u00f1o y la protecci\u00f3n social inclusiva.\u00a0<span lang=\"it\">La resoluci\u00f3n incluye un \u00fatil p\u00e1rrafo que se\u00f1ala la importancia de que el ni\u00f1o tenga una identidad legal como requisito previo para una protecci\u00f3n social inclusiva.\u00a0<\/span><span lang=\"en-AU\">Paralelamente, Child Identity Protection (CHIP) se asoci\u00f3 con\u00a0<\/span><a title=\"Protected by Outlook: https:\/\/www.linkedin.com\/company\/international-movement-atd-fourth-world\/. Click or tap to follow the link.\" href=\"https:\/\/emea01.safelinks.protection.outlook.com\/?url=https%3A%2F%2Fwww.linkedin.com%2Fcompany%2Finternational-movement-atd-fourth-world%2F&amp;data=05%7C02%7C%7Ce89c22c36c9945325b6208dc47fbe5f3%7C84df9e7fe9f640afb435aaaaaaaaaaaa%7C1%7C0%7C638464396102607432%7CUnknown%7CTWFpbGZsb3d8eyJWIjoiMC4wLjAwMDAiLCJQIjoiV2luMzIiLCJBTiI6Ik1haWwiLCJXVCI6Mn0%3D%7C0%7C%7C%7C&amp;sdata=x0gLmyGuIVRifeq9L76iUETVnt1jQkCZhxhZGsK5zWI%3D&amp;reserved=0\" target=\"_blank\" rel=\"noopener noreferrer\" data-auth=\"Verified\" data-linkindex=\"28\"><span lang=\"en-AU\">ATD Cuarto Mundo<\/span><\/a><span lang=\"en-AU\">,\u00a0<\/span><a title=\"Protected by Outlook: https:\/\/www.linkedin.com\/company\/child-rights-connect\/. Click or tap to follow the link.\" href=\"https:\/\/emea01.safelinks.protection.outlook.com\/?url=https%3A%2F%2Fwww.linkedin.com%2Fcompany%2Fchild-rights-connect%2F&amp;data=05%7C02%7C%7Ce89c22c36c9945325b6208dc47fbe5f3%7C84df9e7fe9f640afb435aaaaaaaaaaaa%7C1%7C0%7C638464396102613377%7CUnknown%7CTWFpbGZsb3d8eyJWIjoiMC4wLjAwMDAiLCJQIjoiV2luMzIiLCJBTiI6Ik1haWwiLCJXVCI6Mn0%3D%7C0%7C%7C%7C&amp;sdata=wYH1C48XXK6Ml8a0jopB%2BdTmLDzXlywsgwtD5nhe9UI%3D&amp;reserved=0\" target=\"_blank\" rel=\"noopener noreferrer\" data-auth=\"Verified\" data-linkindex=\"29\"><span lang=\"en-AU\">Child Rights Connect<\/span><\/a><span lang=\"en-AU\">,\u00a0<\/span><a title=\"Protected by Outlook: https:\/\/www.linkedin.com\/company\/consortium-for-street-children\/. Click or tap to follow the link.\" href=\"https:\/\/emea01.safelinks.protection.outlook.com\/?url=https%3A%2F%2Fwww.linkedin.com%2Fcompany%2Fconsortium-for-street-children%2F&amp;data=05%7C02%7C%7Ce89c22c36c9945325b6208dc47fbe5f3%7C84df9e7fe9f640afb435aaaaaaaaaaaa%7C1%7C0%7C638464396102619721%7CUnknown%7CTWFpbGZsb3d8eyJWIjoiMC4wLjAwMDAiLCJQIjoiV2luMzIiLCJBTiI6Ik1haWwiLCJXVCI6Mn0%3D%7C0%7C%7C%7C&amp;sdata=WC2%2BBh0gnIFzMrteVC78cYSZ8zwXUWmAGB%2BY%2FNLD4Tc%3D&amp;reserved=0\" target=\"_blank\" rel=\"noopener noreferrer\" data-auth=\"Verified\" data-linkindex=\"30\"><span lang=\"en-AU\">Consortium For Street Children<\/span><\/a><span lang=\"en-AU\">,\u00a0<\/span><a title=\"Protected by Outlook: https:\/\/www.linkedin.com\/company\/family-for-every-child\/. Click or tap to follow the link.\" href=\"https:\/\/emea01.safelinks.protection.outlook.com\/?url=https%3A%2F%2Fwww.linkedin.com%2Fcompany%2Ffamily-for-every-child%2F&amp;data=05%7C02%7C%7Ce89c22c36c9945325b6208dc47fbe5f3%7C84df9e7fe9f640afb435aaaaaaaaaaaa%7C1%7C0%7C638464396102626059%7CUnknown%7CTWFpbGZsb3d8eyJWIjoiMC4wLjAwMDAiLCJQIjoiV2luMzIiLCJBTiI6Ik1haWwiLCJXVCI6Mn0%3D%7C0%7C%7C%7C&amp;sdata=J9WUujQmmGVQZrcILJDnVhCgOhhziZg8Xuvm%2FYSeOy4%3D&amp;reserved=0\" target=\"_blank\" rel=\"noopener noreferrer\" data-auth=\"Verified\" data-linkindex=\"31\"><span lang=\"en-AU\">Family for Every<\/span><\/a><span lang=\"en-AU\">\u00a0Child,\u00a0<\/span><a title=\"Protected by Outlook: https:\/\/www.linkedin.com\/company\/hope-and-homes-for-children\/. Click or tap to follow the link.\" href=\"https:\/\/emea01.safelinks.protection.outlook.com\/?url=https%3A%2F%2Fwww.linkedin.com%2Fcompany%2Fhope-and-homes-for-children%2F&amp;data=05%7C02%7C%7Ce89c22c36c9945325b6208dc47fbe5f3%7C84df9e7fe9f640afb435aaaaaaaaaaaa%7C1%7C0%7C638464396102632531%7CUnknown%7CTWFpbGZsb3d8eyJWIjoiMC4wLjAwMDAiLCJQIjoiV2luMzIiLCJBTiI6Ik1haWwiLCJXVCI6Mn0%3D%7C0%7C%7C%7C&amp;sdata=CVQ8ioOhRbqvg3uLQNy%2FA2h2RVVaitLhrku1H4aBNKw%3D&amp;reserved=0\" target=\"_blank\" rel=\"noopener noreferrer\" data-auth=\"Verified\" data-linkindex=\"32\"><span lang=\"en-AU\">Hope and Homes for Children<\/span><\/a><span lang=\"en-AU\">,\u00a0<\/span><a title=\"Protected by Outlook: https:\/\/www.linkedin.com\/company\/lumos\/. Click or tap to follow the link.\" href=\"https:\/\/emea01.safelinks.protection.outlook.com\/?url=https%3A%2F%2Fwww.linkedin.com%2Fcompany%2Flumos%2F&amp;data=05%7C02%7C%7Ce89c22c36c9945325b6208dc47fbe5f3%7C84df9e7fe9f640afb435aaaaaaaaaaaa%7C1%7C0%7C638464396102638520%7CUnknown%7CTWFpbGZsb3d8eyJWIjoiMC4wLjAwMDAiLCJQIjoiV2luMzIiLCJBTiI6Ik1haWwiLCJXVCI6Mn0%3D%7C0%7C%7C%7C&amp;sdata=QAcwO9ljrMZbkUHw%2FvLSfFNK0d%2B1rmof6Dkfezd%2FN1k%3D&amp;reserved=0\" target=\"_blank\" rel=\"noopener noreferrer\" data-auth=\"Verified\" data-linkindex=\"33\"><span lang=\"en-AU\">Lumos<\/span><\/a><span lang=\"en-AU\">,\u00a0<\/span><a title=\"Protected by Outlook: https:\/\/www.linkedin.com\/company\/make-mothers-matter---mmm\/. Click or tap to follow the link.\" href=\"https:\/\/emea01.safelinks.protection.outlook.com\/?url=https%3A%2F%2Fwww.linkedin.com%2Fcompany%2Fmake-mothers-matter---mmm%2F&amp;data=05%7C02%7C%7Ce89c22c36c9945325b6208dc47fbe5f3%7C84df9e7fe9f640afb435aaaaaaaaaaaa%7C1%7C0%7C638464396102644556%7CUnknown%7CTWFpbGZsb3d8eyJWIjoiMC4wLjAwMDAiLCJQIjoiV2luMzIiLCJBTiI6Ik1haWwiLCJXVCI6Mn0%3D%7C0%7C%7C%7C&amp;sdata=3z7DR5olfP0W5QdN6NFhuZS5Uxb1HEq%2BSOzz61amC%2F8%3D&amp;reserved=0\" target=\"_blank\" rel=\"noopener noreferrer\" data-auth=\"Verified\" data-linkindex=\"34\"><span lang=\"en-AU\">Make Mothers Matter &#8211; MMM<\/span><\/a><span lang=\"en-AU\">,\u00a0<\/span><a title=\"Protected by Outlook: https:\/\/www.linkedin.com\/company\/save-the-children-international\/. Click or tap to follow the link.\" href=\"https:\/\/emea01.safelinks.protection.outlook.com\/?url=https%3A%2F%2Fwww.linkedin.com%2Fcompany%2Fsave-the-children-international%2F&amp;data=05%7C02%7C%7Ce89c22c36c9945325b6208dc47fbe5f3%7C84df9e7fe9f640afb435aaaaaaaaaaaa%7C1%7C0%7C638464396102653533%7CUnknown%7CTWFpbGZsb3d8eyJWIjoiMC4wLjAwMDAiLCJQIjoiV2luMzIiLCJBTiI6Ik1haWwiLCJXVCI6Mn0%3D%7C0%7C%7C%7C&amp;sdata=MJNTJpVpjBKof%2Fw36bebV040zGkJeIyL7JCP0jtDgUc%3D&amp;reserved=0\" target=\"_blank\" rel=\"noopener noreferrer\" data-auth=\"Verified\" data-linkindex=\"35\"><span lang=\"en-AU\">Save the Children International<\/span><\/a><span lang=\"en-AU\">\u00a0y\u00a0<\/span><a title=\"Protected by Outlook: https:\/\/www.linkedin.com\/company\/sos-children%27s-villages\/. Click or tap to follow the link.\" href=\"https:\/\/emea01.safelinks.protection.outlook.com\/?url=https%3A%2F%2Fwww.linkedin.com%2Fcompany%2Fsos-children%2527s-villages%2F&amp;data=05%7C02%7C%7Ce89c22c36c9945325b6208dc47fbe5f3%7C84df9e7fe9f640afb435aaaaaaaaaaaa%7C1%7C0%7C638464396102662469%7CUnknown%7CTWFpbGZsb3d8eyJWIjoiMC4wLjAwMDAiLCJQIjoiV2luMzIiLCJBTiI6Ik1haWwiLCJXVCI6Mn0%3D%7C0%7C%7C%7C&amp;sdata=n8WbGYeeXokpe3rmeJ5WmTyWF%2BgascrHvTc1lkYWIu8%3D&amp;reserved=0\" target=\"_blank\" rel=\"noopener noreferrer\" data-auth=\"Verified\" data-linkindex=\"36\"><span lang=\"en-AU\">Aldeas Infantiles SOS Internacional<\/span><\/a><span lang=\"en-AU\">\u00a0para organizar dos eventos paralelos.<\/span><\/p>\n<p><span lang=\"en-AU\">El primer acto paralelo se celebr\u00f3 el 12 de marzo y vers\u00f3 sobre c\u00f3mo colmar las lagunas en materia de derechos del ni\u00f1o y protecci\u00f3n social inclusiva. El acto tambi\u00e9n se centr\u00f3 en el derecho de los ni\u00f1os a ser cuidados en una familia afectuosa y solidaria, la protecci\u00f3n social de los ni\u00f1os con discapacidad y la protecci\u00f3n social de los ni\u00f1os en situaciones humanitarias y en movimiento.\u00a0 El acto ofreci\u00f3 ejemplos concretos de soluciones reales para lograr un cambio positivo en favor de la infancia y cont\u00f3 con la participaci\u00f3n de <\/span><span lang=\"en-AU\">las voces de los defensores de los ni\u00f1os como expertos en el tema por derecho propio.<\/span><\/p>\n<p><span lang=\"en-AU\">El segundo acto paralelo, celebrado el 15 de marzo, fue una mesa redonda de seguimiento de los acontecimientos de la semana y de las expectativas para seguir avanzando. En ella se analizaron los esfuerzos realizados a escala internacional por la OACDH y UNICEF, y luego se profundiz\u00f3 en los proyectos piloto y las oportunidades de ampliar estas iniciativas.<\/span><\/p>\n<p><span lang=\"en-AU\">CHIP espera que estos esfuerzos de colaboraci\u00f3n, as\u00ed como las opiniones de expertos como\u00a0<\/span><a title=\"Protected by Outlook: https:\/\/www.linkedin.com\/in\/ACoAAAqsITgBpyrJr_PnntZGYwKDNPwmlEszdaY. Click or tap to follow the link.\" href=\"https:\/\/emea01.safelinks.protection.outlook.com\/?url=https%3A%2F%2Fwww.linkedin.com%2Fin%2FACoAAAqsITgBpyrJr_PnntZGYwKDNPwmlEszdaY&amp;data=05%7C02%7C%7Ce89c22c36c9945325b6208dc47fbe5f3%7C84df9e7fe9f640afb435aaaaaaaaaaaa%7C1%7C0%7C638464396102670702%7CUnknown%7CTWFpbGZsb3d8eyJWIjoiMC4wLjAwMDAiLCJQIjoiV2luMzIiLCJBTiI6Ik1haWwiLCJXVCI6Mn0%3D%7C0%7C%7C%7C&amp;sdata=Nf51zD7fo9zcj8PLU8ljRtGp1%2FjP4%2BKzG8sGZy7nThI%3D&amp;reserved=0\" target=\"_blank\" rel=\"noopener noreferrer\" data-auth=\"Verified\" data-linkindex=\"37\"><span lang=\"en-AU\">Helen Griffiths<\/span><\/a><span lang=\"en-AU\">\u00a0(<\/span><a title=\"Protected by Outlook: https:\/\/www.linkedin.com\/company\/ohchr\/. Click or tap to follow the link.\" href=\"https:\/\/emea01.safelinks.protection.outlook.com\/?url=https%3A%2F%2Fwww.linkedin.com%2Fcompany%2Fohchr%2F&amp;data=05%7C02%7C%7Ce89c22c36c9945325b6208dc47fbe5f3%7C84df9e7fe9f640afb435aaaaaaaaaaaa%7C1%7C0%7C638464396102677373%7CUnknown%7CTWFpbGZsb3d8eyJWIjoiMC4wLjAwMDAiLCJQIjoiV2luMzIiLCJBTiI6Ik1haWwiLCJXVCI6Mn0%3D%7C0%7C%7C%7C&amp;sdata=f1BAdMW09g7QZVPAdQqi3fqez3RP%2FLcZMQlG6n1nCvU%3D&amp;reserved=0\" target=\"_blank\" rel=\"noopener noreferrer\" data-auth=\"Verified\" data-linkindex=\"38\"><span lang=\"en-AU\">Derechos Humanos<\/span><\/a><span lang=\"en-AU\">\u00a0de las Naciones Unidas),\u00a0<\/span><a title=\"Protected by Outlook: https:\/\/www.linkedin.com\/in\/ACoAAB8GlVgB-As9bNQG8PKGb93h3DoAvK_IAL4. Click or tap to follow the link.\" href=\"https:\/\/emea01.safelinks.protection.outlook.com\/?url=https%3A%2F%2Fwww.linkedin.com%2Fin%2FACoAAB8GlVgB-As9bNQG8PKGb93h3DoAvK_IAL4&amp;data=05%7C02%7C%7Ce89c22c36c9945325b6208dc47fbe5f3%7C84df9e7fe9f640afb435aaaaaaaaaaaa%7C1%7C0%7C638464396102683829%7CUnknown%7CTWFpbGZsb3d8eyJWIjoiMC4wLjAwMDAiLCJQIjoiV2luMzIiLCJBTiI6Ik1haWwiLCJXVCI6Mn0%3D%7C0%7C%7C%7C&amp;sdata=DH0KG8iZLJqY0H6WYAWc4tqR7HPkry9%2FtmY5jIfmhEE%3D&amp;reserved=0\" target=\"_blank\" rel=\"noopener noreferrer\" data-auth=\"Verified\" data-linkindex=\"39\"><span lang=\"en-AU\">Bhaskar Mishra<\/span><\/a><span lang=\"en-AU\">\u00a0(<\/span><a title=\"Protected by Outlook: https:\/\/www.linkedin.com\/company\/unicef\/. Click or tap to follow the link.\" href=\"https:\/\/emea01.safelinks.protection.outlook.com\/?url=https%3A%2F%2Fwww.linkedin.com%2Fcompany%2Funicef%2F&amp;data=05%7C02%7C%7Ce89c22c36c9945325b6208dc47fbe5f3%7C84df9e7fe9f640afb435aaaaaaaaaaaa%7C1%7C0%7C638464396102689972%7CUnknown%7CTWFpbGZsb3d8eyJWIjoiMC4wLjAwMDAiLCJQIjoiV2luMzIiLCJBTiI6Ik1haWwiLCJXVCI6Mn0%3D%7C0%7C%7C%7C&amp;sdata=7NBiKI9LRYousy10njh8ZxxVEt0QTDvXO0cq52Kxs2c%3D&amp;reserved=0\" target=\"_blank\" rel=\"noopener noreferrer\" data-auth=\"Verified\" data-linkindex=\"40\"><span lang=\"en-AU\">UNICEF<\/span><\/a><span lang=\"en-AU\">), Ann Skelton (Presidenta de la CDN)\u00a0<\/span><a title=\"Protected by Outlook: https:\/\/www.linkedin.com\/in\/ACoAAAQUs_oBxw-JB99kCLSNA0QCe-AVS1sZMwc. Click or tap to follow the link.\" href=\"https:\/\/emea01.safelinks.protection.outlook.com\/?url=https%3A%2F%2Fwww.linkedin.com%2Fin%2FACoAAAQUs_oBxw-JB99kCLSNA0QCe-AVS1sZMwc&amp;data=05%7C02%7C%7Ce89c22c36c9945325b6208dc47fbe5f3%7C84df9e7fe9f640afb435aaaaaaaaaaaa%7C1%7C0%7C638464396102695987%7CUnknown%7CTWFpbGZsb3d8eyJWIjoiMC4wLjAwMDAiLCJQIjoiV2luMzIiLCJBTiI6Ik1haWwiLCJXVCI6Mn0%3D%7C0%7C%7C%7C&amp;sdata=fK9prTtikTUIzYrr1%2ByrFPNPqrPnE0%2F%2BM5MR1zpJszQ%3D&amp;reserved=0\" target=\"_blank\" rel=\"noopener noreferrer\" data-auth=\"Verified\" data-linkindex=\"41\"><span lang=\"en-AU\">Beno\u00eet Van Keirsbilck<\/span><\/a><span lang=\"en-AU\">\u00a0(Comit\u00e9 de la CDN) y Cornelius Williams contribuyan a seguir avanzando.<\/span><\/p>\n<p>Fuente : <a href=\"https:\/\/undocs.org\/Home\/Mobile?FinalSymbol=A%2FHRC%2FRES%2F55%2F29\">Resoluci\u00f3n<\/a>. <a href=\"https:\/\/drive.google.com\/file\/d\/1KrjEd6iqeSR3QR_Y03nfEbKlFAeLQxq1\/view\" target=\"_blank\" rel=\"noopener\">Grabaciones de eventos paralelos<\/a>.<\/p>\n<p><a class=\"button\" href=\"https:\/\/www.child-identity.org\/wp-content\/uploads\/2024\/03\/HRC-Roundtable-Social-Protection.pdf\" target=\"_blank\" rel=\"noopener\">HRC Roundtable<\/a> <a class=\"button\" href=\"https:\/\/www.child-identity.org\/wp-content\/uploads\/2024\/03\/NGO-SideEvent-Social-Protection.pdf\" target=\"_blank\" rel=\"noopener\">HRC Side Event<\/a><\/p>\n","protected":false},"excerpt":{"rendered":"<p>Este a\u00f1o, el D\u00eda Anual de los Derechos del Ni\u00f1o incluy\u00f3 una resoluci\u00f3n dedicada a los derechos del ni\u00f1o y la protecci\u00f3n social inclusiva.\u00a0La resoluci\u00f3n incluye un \u00fatil p\u00e1rrafo que se\u00f1ala la importancia de que el ni\u00f1o tenga una identidad&#8230;<\/p>\n","protected":false},"author":1,"featured_media":8094,"comment_status":"closed","ping_status":"open","sticky":false,"template":"downloads-post.php","format":"standard","meta":{"footnotes":""},"categories":[240],"tags":[],"information-type":[],"authors":[],"country":[326],"years":[336],"class_list":["post-8098","post","type-post","status-publish","format-standard","has-post-thumbnail","hentry","category-defensa-y-politica","country-mundo","years-2024-es"],"_links":{"self":[{"href":"https:\/\/www.child-identity.org\/es\/wp-json\/wp\/v2\/posts\/8098","targetHints":{"allow":["GET"]}}],"collection":[{"href":"https:\/\/www.child-identity.org\/es\/wp-json\/wp\/v2\/posts"}],"about":[{"href":"https:\/\/www.child-identity.org\/es\/wp-json\/wp\/v2\/types\/post"}],"author":[{"embeddable":true,"href":"https:\/\/www.child-identity.org\/es\/wp-json\/wp\/v2\/users\/1"}],"replies":[{"embeddable":true,"href":"https:\/\/www.child-identity.org\/es\/wp-json\/wp\/v2\/comments?post=8098"}],"version-history":[{"count":4,"href":"https:\/\/www.child-identity.org\/es\/wp-json\/wp\/v2\/posts\/8098\/revisions"}],"predecessor-version":[{"id":10523,"href":"https:\/\/www.child-identity.org\/es\/wp-json\/wp\/v2\/posts\/8098\/revisions\/10523"}],"wp:featuredmedia":[{"embeddable":true,"href":"https:\/\/www.child-identity.org\/es\/wp-json\/wp\/v2\/media\/8094"}],"wp:attachment":[{"href":"https:\/\/www.child-identity.org\/es\/wp-json\/wp\/v2\/media?parent=8098"}],"wp:term":[{"taxonomy":"category","embeddable":true,"href":"https:\/\/www.child-identity.org\/es\/wp-json\/wp\/v2\/categories?post=8098"},{"taxonomy":"post_tag","embeddable":true,"href":"https:\/\/www.child-identity.org\/es\/wp-json\/wp\/v2\/tags?post=8098"},{"taxonomy":"information-type","embeddable":true,"href":"https:\/\/www.child-identity.org\/es\/wp-json\/wp\/v2\/information-type?post=8098"},{"taxonomy":"authors","embeddable":true,"href":"https:\/\/www.child-identity.org\/es\/wp-json\/wp\/v2\/authors?post=8098"},{"taxonomy":"country","embeddable":true,"href":"https:\/\/www.child-identity.org\/es\/wp-json\/wp\/v2\/country?post=8098"},{"taxonomy":"years","embeddable":true,"href":"https:\/\/www.child-identity.org\/es\/wp-json\/wp\/v2\/years?post=8098"}],"curies":[{"name":"wp","href":"https:\/\/api.w.org\/{rel}","templated":true}]}}