{"id":8188,"date":"2023-09-06T15:52:40","date_gmt":"2023-09-06T15:52:40","guid":{"rendered":"https:\/\/child-identity.org\/?p=8188"},"modified":"2024-05-10T07:19:10","modified_gmt":"2024-05-10T07:19:10","slug":"conferencia-del-congreso-pacifica-de-2023-sobre-asuntos-familiares-en-el-pacifico","status":"publish","type":"post","link":"https:\/\/www.child-identity.org\/es\/conferencia-del-congreso-pacifica-de-2023-sobre-asuntos-familiares-en-el-pacifico\/","title":{"rendered":"Conferencia del Congreso Pacifica de 2023 sobre asuntos familiares en el Pac\u00edfico"},"content":{"rendered":"<p>[vc_row equal_height=&#8221;yes&#8221; css=&#8221;.vc_custom_1715320936420{background-color: #ffffff !important;background-position: center !important;background-repeat: no-repeat !important;background-size: cover !important;}&#8221;][vc_column][vc_single_image source=&#8221;featured_image&#8221; img_size=&#8221;full&#8221; alignment=&#8221;center&#8221;][vc_column_text]<\/p>\n<h1>Conferencia del Congreso Pacifica de 2023 sobre asuntos familiares en el Pac\u00edfico<\/h1>\n<p>[\/vc_column_text][vc_empty_space height=&#8221;60px&#8221;][vc_column_text]En el marco del taller previo a la conferencia sobre \u201cCuestiones de identidad con un impacto sobre los ni\u00f1os, ni\u00f1as y j\u00f3venes\u201d, organizado por el Congreso Pacifica el 31 de agosto de 2023 en Hobart, Australia, Child Identity Protection (CHIP) tuvo el honor de compartir una ponencia sobre las cuestiones actuales y emergentes en materia de identidad en el derecho familiar. El taller, dirigido por las profesoras Marilyn Freeman y Nicola Taylor, incluy\u00f3 distintos temas que abarcaron la(s) definici\u00f3n(es) de identidad as\u00ed como aquellos eventos importantes en la vida que afectan la identidad de los ni\u00f1os y ni\u00f1as y c\u00f3mo el sistema de justicia familiar responde o deber\u00eda responder a los mismos. Los v\u00eddeos \u201cCHIP-in\u201d con el Miembro del Comit\u00e9 de los Derechos del Ni\u00f1o, Benoit Van Keirsbilck, con el Juez Pangalangan sobre las ni\u00f1as y los ni\u00f1os soldados, con Michael Wells-Greco sobre gestaci\u00f3n subrogada y con Arthur y Audrey Kermalvezen sobre la identidad y la transparencia de los or\u00edgenes, ofrecieron insumos adicionales. CHIP acoge con satisfacci\u00f3n el reconocimiento creciente de la importancia del derecho del ni\u00f1o o de la ni\u00f1ia a la identidad como un tema transversal en las cuestiones m\u00faltiples que afectan a los ni\u00f1os y ni\u00f1as, en particular en sus relaciones familiares.<\/p>\n<p>V\u00e9ase: Pacifica Congress. Conferencia 2023, 31 de agosto al 2 de septiembre de 2023. Disponible en:\u00a0\u00a0<a href=\"https:\/\/pacificacongress.org\/conference-2023\/\">https:\/\/pacificacongress.org\/conference-2023\/<\/a>[\/vc_column_text][vc_column_text]<\/p>\n<h1><span style=\"color: #312783;\">Watch the recording<\/span><\/h1>\n<p>[\/vc_column_text][vc_video link=&#8221;https:\/\/youtu.be\/B_no5FAgoKM&#8221; align=&#8221;center&#8221;][\/vc_column][\/vc_row][vc_row full_width=&#8221;stretch_row&#8221; css=&#8221;.vc_custom_1715160030785{background-color: #ffffff !important;}&#8221;][vc_column][vc_column_text][\/vc_column_text][\/vc_column][\/vc_row]<\/p>\n","protected":false},"excerpt":{"rendered":"<p>[vc_row equal_height=&#8221;yes&#8221; css=&#8221;.vc_custom_1715320936420{background-color: #ffffff !important;background-position: center !important;background-repeat: no-repeat !important;background-size: cover !important;}&#8221;][vc_column][vc_single_image source=&#8221;featured_image&#8221; img_size=&#8221;full&#8221; alignment=&#8221;center&#8221;][vc_column_text] Conferencia del Congreso Pacifica de 2023 sobre asuntos familiares en el Pac\u00edfico [\/vc_column_text][vc_empty_space height=&#8221;60px&#8221;][vc_column_text]En el marco del taller previo a la conferencia sobre \u201cCuestiones de identidad&#8230;<\/p>\n","protected":false},"author":1,"featured_media":8021,"comment_status":"closed","ping_status":"open","sticky":false,"template":"","format":"standard","meta":{"footnotes":""},"categories":[240],"tags":[],"information-type":[],"authors":[],"country":[381],"years":[330],"class_list":["post-8188","post","type-post","status-publish","format-standard","has-post-thumbnail","hentry","category-defensa-y-politica","country-australia-es","years-2023-es"],"_links":{"self":[{"href":"https:\/\/www.child-identity.org\/es\/wp-json\/wp\/v2\/posts\/8188","targetHints":{"allow":["GET"]}}],"collection":[{"href":"https:\/\/www.child-identity.org\/es\/wp-json\/wp\/v2\/posts"}],"about":[{"href":"https:\/\/www.child-identity.org\/es\/wp-json\/wp\/v2\/types\/post"}],"author":[{"embeddable":true,"href":"https:\/\/www.child-identity.org\/es\/wp-json\/wp\/v2\/users\/1"}],"replies":[{"embeddable":true,"href":"https:\/\/www.child-identity.org\/es\/wp-json\/wp\/v2\/comments?post=8188"}],"version-history":[{"count":1,"href":"https:\/\/www.child-identity.org\/es\/wp-json\/wp\/v2\/posts\/8188\/revisions"}],"predecessor-version":[{"id":8189,"href":"https:\/\/www.child-identity.org\/es\/wp-json\/wp\/v2\/posts\/8188\/revisions\/8189"}],"wp:featuredmedia":[{"embeddable":true,"href":"https:\/\/www.child-identity.org\/es\/wp-json\/wp\/v2\/media\/8021"}],"wp:attachment":[{"href":"https:\/\/www.child-identity.org\/es\/wp-json\/wp\/v2\/media?parent=8188"}],"wp:term":[{"taxonomy":"category","embeddable":true,"href":"https:\/\/www.child-identity.org\/es\/wp-json\/wp\/v2\/categories?post=8188"},{"taxonomy":"post_tag","embeddable":true,"href":"https:\/\/www.child-identity.org\/es\/wp-json\/wp\/v2\/tags?post=8188"},{"taxonomy":"information-type","embeddable":true,"href":"https:\/\/www.child-identity.org\/es\/wp-json\/wp\/v2\/information-type?post=8188"},{"taxonomy":"authors","embeddable":true,"href":"https:\/\/www.child-identity.org\/es\/wp-json\/wp\/v2\/authors?post=8188"},{"taxonomy":"country","embeddable":true,"href":"https:\/\/www.child-identity.org\/es\/wp-json\/wp\/v2\/country?post=8188"},{"taxonomy":"years","embeddable":true,"href":"https:\/\/www.child-identity.org\/es\/wp-json\/wp\/v2\/years?post=8188"}],"curies":[{"name":"wp","href":"https:\/\/api.w.org\/{rel}","templated":true}]}}