{"id":12284,"date":"2025-05-28T18:49:41","date_gmt":"2025-05-28T18:49:41","guid":{"rendered":"https:\/\/www.child-identity.org\/inputs-for-the-preparation-of-the-first-session-of-the-open-ended-intergovernmental-working-group-on-an-optional-protocol-to-the-convention-on-the-rights-of-the-child-concerning-the-right-to-education\/"},"modified":"2025-05-28T18:53:14","modified_gmt":"2025-05-28T18:53:14","slug":"contributions-pour-la-preparation-de-la-premiere-session-du-groupe-de-travail-intergouvernemental-ouvert-sur-un-protocole-facultatif-a-la-convention-relative-aux-droits-de-lenfant-concernant-le-droi","status":"publish","type":"post","link":"https:\/\/www.child-identity.org\/fr\/contributions-pour-la-preparation-de-la-premiere-session-du-groupe-de-travail-intergouvernemental-ouvert-sur-un-protocole-facultatif-a-la-convention-relative-aux-droits-de-lenfant-concernant-le-droi\/","title":{"rendered":"Contributions pour la pr\u00e9paration de la premi\u00e8re session du groupe de travail intergouvernemental ouvert sur un protocole facultatif \u00e0 la Convention relative aux droits de l&#8217;enfant concernant le droit \u00e0 l&#8217;\u00e9ducation"},"content":{"rendered":"<p>[vc_row][vc_column][vc_column_text]Le groupe de travail sur les droits \u00e0 l&#8217;identit\u00e9 (\u201cIdentity Rights Working Group\u201d IDRWG)[1] &#8211; co-pr\u00e9sid\u00e9 par l&#8217;Institut sur l&#8217;apatridie et l&#8217;inclusion et Child Identity Protection- est reconnaissant de l&#8217;occasion qui lui est donn\u00e9e de contribuer \u00e0 la pr\u00e9paration de la premi\u00e8re session du groupe de travail intergouvernemental ouvert sur un protocole facultatif \u00e0 la Convention relative aux droits de l&#8217;enfant, concernant le droit \u00e0 l&#8217;\u00e9ducation. Les organisations membres de l&#8217;IDRWG repr\u00e9sentent un large \u00e9ventail de groupes de la soci\u00e9t\u00e9 civile et d&#8217;agences des Nations unies travaillant avec des enfants marginalis\u00e9s exclus de l&#8217;\u00e9ducation pour de nombreuses raisons, souvent li\u00e9es \u00e0 leur manque d&#8217;identit\u00e9 juridique ou de nationalit\u00e9 et\/ou sur des questions connexes<\/p>\n<p>Les recherches d\u00e9montrent de plus en plus qu&#8217;au cours des premi\u00e8res ann\u00e9es de la vie d&#8217;un enfant (de 0 \u00e0 8 ans), le cerveau se d\u00e9veloppe \u00e0 un rythme rapide, 85 % du d\u00e9veloppement c\u00e9r\u00e9bral \u00e9tant achev\u00e9 entre 3 et 6 ans[2]. Ces premi\u00e8res \u00e9tapes de la vie d&#8217;un enfant &#8211; qui pr\u00e9c\u00e8dent l&#8217;enseignement primaire obligatoire &#8211; sont cruciales pour le d\u00e9veloppement de ses capacit\u00e9s cognitives, sociales et \u00e9motionnelles [3] et, lorsqu&#8217;elles sont correctement entretenues, elles constituent la base de l&#8217;apprentissage et du d\u00e9veloppement des comp\u00e9tences qui permettront aux enfants de s&#8217;\u00e9panouir.<\/p>\n<p>Malgr\u00e9 de solides preuves de l&#8217;impact positif de l&#8217;\u00e9ducation pr\u00e9 primaire sur le d\u00e9veloppement des enfants, plus de 175 millions d&#8217;enfants en \u00e2ge de fr\u00e9quenter l&#8217;\u00e9cole pr\u00e9 primaire dans le monde ne sont toujours pas scolaris\u00e9s[4]. Cette soumission examine l&#8217;intersection entre l&#8217;absence d&#8217;identit\u00e9 juridique et de nationalit\u00e9, et l&#8217;impact sur la jouissance d&#8217;autres droits, en particulier le droit \u00e0 l&#8217;\u00e9ducation. En r\u00e9ponse aux questions sp\u00e9cifiques soulev\u00e9es dans l&#8217;appel \u00e0 contribution, cette contribution se concentrera sur les points suivants :<\/p>\n<ol>\n<li>Les principaux obstacles \u00e0 l&#8217;enseignement pr\u00e9 primaire public gratuit (en droit, en politique et en pratique) et l&#8217;impact sur les droits de l&#8217;enfant ;<\/li>\n<li>Les principaux obstacles \u00e0 la gratuit\u00e9 de l&#8217;enseignement secondaire public (en droit, en politique et en pratique) et l&#8217;impact sur les droits de l&#8217;enfant ;<\/li>\n<li>Des exemples de m\u00e9canismes financiers innovants\/durables pour soutenir la mise en \u0153uvre compl\u00e8te et efficace de l&#8217;enseignement pr\u00e9-primaire et secondaire public pour tous les enfants ;<\/li>\n<li>Des exemples de mesures que les gouvernements prennent actuellement pour \u00e9liminer les obstacles et rendre l&#8217;enseignement pr\u00e9 primaire et secondaire public gratuit pour tous, y compris par l&#8217;allocation de ressources ad\u00e9quates et la coop\u00e9ration intersectorielle et internationale.<\/li>\n<\/ol>\n<p>FOOTNOTES<\/p>\n<p>[1]\u00a0The Identity Rights Working Group (IRWG) brings together more than 25 civil society organizations and international agencies working across the child protection and child rights landscape, united by a shared commitment to advance children\u2019s identity rights. Our members work in diverse contexts and are connected through the intersecting issues of the right to legal identity and nationality.<\/p>\n<p>[2]United Nations Convention on the Rights of the Child (art. 29)<\/p>\n<p>[3] UNICEF, <em>A World Ready to Learn: Prioritizing quality early childhood education<\/em>, 2019; available at\u00a0<a href=\"https:\/\/emea01.safelinks.protection.outlook.com\/?url=https%3A%2F%2Fwww.unicef.org%2Freports%2Fa-world-ready-to-learn-2019&amp;data=05%7C02%7C%7C8888a80c64e34aac09e308dd9793f6d8%7C84df9e7fe9f640afb435aaaaaaaaaaaa%7C1%7C0%7C638833386770371482%7CUnknown%7CTWFpbGZsb3d8eyJFbXB0eU1hcGkiOnRydWUsIlYiOiIwLjAuMDAwMCIsIlAiOiJXaW4zMiIsIkFOIjoiTWFpbCIsIldUIjoyfQ%3D%3D%7C0%7C%7C%7C&amp;sdata=U5E%2BV0n%2F26xnU%2FHWqOZ6JyBTTRDQazGgXJQitYhNWEg%3D&amp;reserved=0\" data-auth=\"NotApplicable\" data-linkindex=\"0\">https:\/\/www.unicef.org\/reports\/a-world-ready-to-learn-2019<\/a><\/p>\n<p>[4] Ibid.<\/p>\n<p><a href=\"https:\/\/www.child-identity.org\/wp-content\/uploads\/2025\/05\/IDRWG.OHCHR-Submission.Final_.pdf\" target=\"_blank\" rel=\"noopener\"><img loading=\"lazy\" decoding=\"async\" class=\"alignnone size-medium wp-image-10362\" src=\"https:\/\/www.child-identity.org\/wp-content\/uploads\/2024\/03\/Telecharger-300x212.png\" alt=\"\" width=\"300\" height=\"212\" srcset=\"https:\/\/www.child-identity.org\/wp-content\/uploads\/2024\/03\/Telecharger-300x212.png 300w, https:\/\/www.child-identity.org\/wp-content\/uploads\/2024\/03\/Telecharger.png 320w\" sizes=\"auto, (max-width: 300px) 100vw, 300px\" \/><\/a>[\/vc_column_text][\/vc_column][\/vc_row]<\/p>\n","protected":false},"excerpt":{"rendered":"<p>[vc_row][vc_column][vc_column_text]Le groupe de travail sur les droits \u00e0 l&#8217;identit\u00e9 (\u201cIdentity Rights Working Group\u201d IDRWG)[1] &#8211; co-pr\u00e9sid\u00e9 par l&#8217;Institut sur l&#8217;apatridie et l&#8217;inclusion et Child Identity Protection- est reconnaissant de l&#8217;occasion qui lui est donn\u00e9e de contribuer \u00e0 la pr\u00e9paration de&#8230;<\/p>\n","protected":false},"author":2,"featured_media":12281,"comment_status":"closed","ping_status":"open","sticky":false,"template":"news-post.php","format":"standard","meta":{"footnotes":""},"categories":[238],"tags":[],"information-type":[],"authors":[],"country":[325],"years":[575],"class_list":["post-12284","post","type-post","status-publish","format-standard","has-post-thumbnail","hentry","category-plaidoyer-et-politique","country-monde","years-2025-fr"],"_links":{"self":[{"href":"https:\/\/www.child-identity.org\/fr\/wp-json\/wp\/v2\/posts\/12284","targetHints":{"allow":["GET"]}}],"collection":[{"href":"https:\/\/www.child-identity.org\/fr\/wp-json\/wp\/v2\/posts"}],"about":[{"href":"https:\/\/www.child-identity.org\/fr\/wp-json\/wp\/v2\/types\/post"}],"author":[{"embeddable":true,"href":"https:\/\/www.child-identity.org\/fr\/wp-json\/wp\/v2\/users\/2"}],"replies":[{"embeddable":true,"href":"https:\/\/www.child-identity.org\/fr\/wp-json\/wp\/v2\/comments?post=12284"}],"version-history":[{"count":2,"href":"https:\/\/www.child-identity.org\/fr\/wp-json\/wp\/v2\/posts\/12284\/revisions"}],"predecessor-version":[{"id":12287,"href":"https:\/\/www.child-identity.org\/fr\/wp-json\/wp\/v2\/posts\/12284\/revisions\/12287"}],"wp:featuredmedia":[{"embeddable":true,"href":"https:\/\/www.child-identity.org\/fr\/wp-json\/wp\/v2\/media\/12281"}],"wp:attachment":[{"href":"https:\/\/www.child-identity.org\/fr\/wp-json\/wp\/v2\/media?parent=12284"}],"wp:term":[{"taxonomy":"category","embeddable":true,"href":"https:\/\/www.child-identity.org\/fr\/wp-json\/wp\/v2\/categories?post=12284"},{"taxonomy":"post_tag","embeddable":true,"href":"https:\/\/www.child-identity.org\/fr\/wp-json\/wp\/v2\/tags?post=12284"},{"taxonomy":"information-type","embeddable":true,"href":"https:\/\/www.child-identity.org\/fr\/wp-json\/wp\/v2\/information-type?post=12284"},{"taxonomy":"authors","embeddable":true,"href":"https:\/\/www.child-identity.org\/fr\/wp-json\/wp\/v2\/authors?post=12284"},{"taxonomy":"country","embeddable":true,"href":"https:\/\/www.child-identity.org\/fr\/wp-json\/wp\/v2\/country?post=12284"},{"taxonomy":"years","embeddable":true,"href":"https:\/\/www.child-identity.org\/fr\/wp-json\/wp\/v2\/years?post=12284"}],"curies":[{"name":"wp","href":"https:\/\/api.w.org\/{rel}","templated":true}]}}