{"id":13289,"date":"2025-03-13T08:37:44","date_gmt":"2025-03-13T08:37:44","guid":{"rendered":"https:\/\/www.child-identity.org\/international-conference-on-family-law-including-right-to-identity-sa\/"},"modified":"2025-12-13T08:39:26","modified_gmt":"2025-12-13T08:39:26","slug":"conference-internationale-sur-le-droit-de-la-famille-et-le-droit-a-lidentite-sa","status":"publish","type":"post","link":"https:\/\/www.child-identity.org\/fr\/conference-internationale-sur-le-droit-de-la-famille-et-le-droit-a-lidentite-sa\/","title":{"rendered":"Conf\u00e9rence internationale sur le droit de la famille et le droit \u00e0 l\u2019identit\u00e9"},"content":{"rendered":"<p>La Facult\u00e9 de droit de la \u00ab\u00a0University of the Western Cape\u00a0\u00bb et Miller du Toit Cloete (L\u2019\u00e9tude d\u2019avocats) ont organis\u00e9, en collaboration avec l\u2019Acad\u00e9mie internationale des juristes du droit de la famille (International Academy of Family Lawyers), la 25\u00e8me \u00e9dition de leur conf\u00e9rence sur le droit de la famille du 8 au 10 mars 2023 au Cap, o\u00f9 plus de 30 pays \u00e9taient repr\u00e9sent\u00e9s. Au cours de la conf\u00e9rence, les derniers d\u00e9veloppements en mati\u00e8re de droit de la famille ont \u00e9t\u00e9 discut\u00e9s, en mettant l\u2019accent sur la r\u00e9gion africaine. Plusieurs juges, avocats et juristes ont fait des pr\u00e9sentations tr\u00e8s int\u00e9ressantes, en accordant une attention particuli\u00e8re aux droits \u00e0 l\u2019identit\u00e9 des enfants dans les cas d\u2019enl\u00e8vement, d\u2019adoption et de procr\u00e9ation m\u00e9dicalement assist\u00e9e, y compris dans le cadre de la maternit\u00e9 de substitution. Child Identity Protection (CHIP) a eu l\u2019honneur de contribuer \u00e0 la discussion en soulignant la n\u00e9cessit\u00e9 de pr\u00e9server le droit de l\u2019enfant \u00e0 l\u2019identit\u00e9 dans les proc\u00e9dures familiales, fournissant des opportunit\u00e9s pratiques aux praticiens du droit dans leur travail quotidien.<\/p>\n<p>En mars 2025, CHIP a eu l&#8217;honneur d&#8217;\u00eatre invit\u00e9 \u00e0 pr\u00e9senter deux th\u00e8mes lors de la conf\u00e9rence : \u00ab Le droit de l&#8217;enfant \u00e0 l&#8217;identit\u00e9 et aux relations familiales \u00bb et \u00ab Tirer parti de l&#8217;enregistrement des naissances et des mariages pour pr\u00e9venir les mariages pr\u00e9coces\u201d : conclusions d&#8217;une \u00e9tude documentaire des lois et politiques en vigueur dans onze pays d&#8217;Afrique occidentale et centrale \u00bb. La conf\u00e9rence a attir\u00e9 un large public et les discussions ont \u00e9t\u00e9 tr\u00e8s inspirantes pour tous les professionnels pr\u00e9sents.<\/p>\n<p><a href=\"https:\/\/www.uwc.ac.za\/news-and-announcements\/news\/miller-du-toit-cloete-inc-and-uwc-faculty-of-law-host-2025-family-law-conference\" target=\"_blank\" rel=\"noopener\">https:\/\/www.uwc.ac.za\/news-and-announcements\/news\/miller-du-toit-cloete-inc-and-uwc-faculty-of-law-host-2025-family-law-conference<\/a><\/p>\n","protected":false},"excerpt":{"rendered":"<p>La Facult\u00e9 de droit de la \u00ab\u00a0University of the Western Cape\u00a0\u00bb et Miller du Toit Cloete (L\u2019\u00e9tude d\u2019avocats) ont organis\u00e9, en collaboration avec l\u2019Acad\u00e9mie internationale des juristes du droit de la famille (International Academy of Family Lawyers), la 25\u00e8me \u00e9dition&#8230;<\/p>\n","protected":false},"author":2,"featured_media":13285,"comment_status":"closed","ping_status":"open","sticky":false,"template":"news-post.php","format":"standard","meta":{"footnotes":""},"categories":[238],"tags":[],"information-type":[],"authors":[],"country":[427],"years":[575],"class_list":["post-13289","post","type-post","status-publish","format-standard","has-post-thumbnail","hentry","category-plaidoyer-et-politique","country-afrique-du-sud","years-2025-fr"],"_links":{"self":[{"href":"https:\/\/www.child-identity.org\/fr\/wp-json\/wp\/v2\/posts\/13289","targetHints":{"allow":["GET"]}}],"collection":[{"href":"https:\/\/www.child-identity.org\/fr\/wp-json\/wp\/v2\/posts"}],"about":[{"href":"https:\/\/www.child-identity.org\/fr\/wp-json\/wp\/v2\/types\/post"}],"author":[{"embeddable":true,"href":"https:\/\/www.child-identity.org\/fr\/wp-json\/wp\/v2\/users\/2"}],"replies":[{"embeddable":true,"href":"https:\/\/www.child-identity.org\/fr\/wp-json\/wp\/v2\/comments?post=13289"}],"version-history":[{"count":1,"href":"https:\/\/www.child-identity.org\/fr\/wp-json\/wp\/v2\/posts\/13289\/revisions"}],"predecessor-version":[{"id":13291,"href":"https:\/\/www.child-identity.org\/fr\/wp-json\/wp\/v2\/posts\/13289\/revisions\/13291"}],"wp:featuredmedia":[{"embeddable":true,"href":"https:\/\/www.child-identity.org\/fr\/wp-json\/wp\/v2\/media\/13285"}],"wp:attachment":[{"href":"https:\/\/www.child-identity.org\/fr\/wp-json\/wp\/v2\/media?parent=13289"}],"wp:term":[{"taxonomy":"category","embeddable":true,"href":"https:\/\/www.child-identity.org\/fr\/wp-json\/wp\/v2\/categories?post=13289"},{"taxonomy":"post_tag","embeddable":true,"href":"https:\/\/www.child-identity.org\/fr\/wp-json\/wp\/v2\/tags?post=13289"},{"taxonomy":"information-type","embeddable":true,"href":"https:\/\/www.child-identity.org\/fr\/wp-json\/wp\/v2\/information-type?post=13289"},{"taxonomy":"authors","embeddable":true,"href":"https:\/\/www.child-identity.org\/fr\/wp-json\/wp\/v2\/authors?post=13289"},{"taxonomy":"country","embeddable":true,"href":"https:\/\/www.child-identity.org\/fr\/wp-json\/wp\/v2\/country?post=13289"},{"taxonomy":"years","embeddable":true,"href":"https:\/\/www.child-identity.org\/fr\/wp-json\/wp\/v2\/years?post=13289"}],"curies":[{"name":"wp","href":"https:\/\/api.w.org\/{rel}","templated":true}]}}