{"id":7612,"date":"2023-06-30T07:01:19","date_gmt":"2023-06-30T07:01:19","guid":{"rendered":"https:\/\/child-identity.org\/?p=7612"},"modified":"2024-05-08T07:08:57","modified_gmt":"2024-05-08T07:08:57","slug":"les-droits-de-lhomme-dans-la-prise-en-charge-alternative","status":"publish","type":"post","link":"https:\/\/www.child-identity.org\/fr\/les-droits-de-lhomme-dans-la-prise-en-charge-alternative\/","title":{"rendered":"Les droits de l\u2019homme dans la prise en charge alternative"},"content":{"rendered":"<p>Depuis plus d&#8217;une d\u00e9cennie, l&#8217;objectif de r\u00e9duire drastiquement le nombre d&#8217;enfants vivant dans des institutions \u00e0 travers le monde est au c\u0153ur des efforts visant \u00e0 r\u00e9aliser les droits de l&#8217;enfant, et d\u2019importants progr\u00e8s ont \u00e9t\u00e9 accomplis \u00e0 cet \u00e9gard. Il reste cependant aujourd\u2019hui des actions urgentes \u00e0 mener pour acc\u00e9l\u00e9rer les progr\u00e8s pour cette g\u00e9n\u00e9ration d&#8217;enfants. Les in\u00e9galit\u00e9s structurelles, la discrimination et le manque de responsabilit\u00e9 dans la prestation de services sont autant de facteurs qui vont \u00e0 l&#8217;encontre de ces efforts. Nous savons que les preuves et les donn\u00e9es sont un levier strat\u00e9gique pouvant conduire \u00e0 un changement dans ce domaine. Pourtant, nos connaissances concernant les enfants vivant dans le cadre de la prise en charge alternative \u00e0 l&#8217;\u00e9chelle mondiale sont encore tr\u00e8s lacunaires.<\/p>\n<p>Pour soutenir cet effort de collecte de donn\u00e9es, nous travaillons en partenariat avec l&#8217;<a href=\"https:\/\/www.unicef.org\/fr\" data-ik=\"ik-secure\">UNICEF<\/a>,\u00a0<a href=\"https:\/\/inspiringchildrensfutures.org\/\" data-ik=\"ik-secure\">Inspiring Children&#8217;s Futures<\/a>, un partenariat de\u00a0<a href=\"https:\/\/www.strath.ac.uk\/humanities\/inspiringchildrensfutures\/\" data-ik=\"ik-secure\">l&#8217;universit\u00e9 de Strathclyde<\/a>\u00a0et\u00a0<a href=\"https:\/\/www.soschildrensvillages.org.uk\/\" data-ik=\"ik-secure\">SOS Villages d&#8217;enfants<\/a>, dans le cadre d&#8217;un groupe de travail visant \u00e0 g\u00e9n\u00e9rer de nouvelles id\u00e9es sur la prise en charge alternative des enfants, respectueuse des droits et bas\u00e9e sur la communaut\u00e9. Avec le soutien du gouvernement danois et de la\u00a0<a href=\"https:\/\/rse.org.uk\/\" data-ik=\"ik-secure\">Royal Society of Edinburgh<\/a>, un\u00a0<a href=\"https:\/\/inspiringchildrensfutures.org\/international-expert-advisory-group\" data-ik=\"ik-secure\">groupe consultatif international d&#8217;experts<\/a>\u00a0s&#8217;est r\u00e9uni en 2022 et il a \u00e9t\u00e9 convenu que nous d\u00e9velopperions des recherches sur le respect des droits de l&#8217;homme et le bien-\u00eatre des enfants et des jeunes dans le cadre de la protection de remplacement.<\/p>\n<p>Le projet \u00e9tant dans sa phase de d\u00e9marrage, il existe de nombreuses opportunit\u00e9s de collaborer et de cr\u00e9er des synergies afin de garantir la protection des droits de l&#8217;homme de tous les enfants en protection de remplacement.<\/p>\n<p>Plus d&#8217;informations sur<br \/>\n&#8211; Possibilit\u00e9s de collaborer \u00e0 cette recherche, y compris un poste vacant d&#8217;assistant de recherche\u00a0:\u00a0<a href=\"https:\/\/inspiringchildrensfutures.org\/blog\/new-project-hr-alternative-care\" data-ik=\"ik-secure\">https:\/\/inspiringchildrensfutures.org\/blog\/new-project-hr-alternative-care<\/a><\/p>\n<p>&#8211; Groupe consultatif d&#8217;experts internationaux :\u00a0<a href=\"https:\/\/inspiringchildrensfutures.org\/international-expert-advisory-group\" data-ik=\"ik-secure\">https:\/\/inspiringchildrensfutures.org\/international-expert-advisory-group<\/a><\/p>\n","protected":false},"excerpt":{"rendered":"<p>Depuis plus d&#8217;une d\u00e9cennie, l&#8217;objectif de r\u00e9duire drastiquement le nombre d&#8217;enfants vivant dans des institutions \u00e0 travers le monde est au c\u0153ur des efforts visant \u00e0 r\u00e9aliser les droits de l&#8217;enfant, et d\u2019importants progr\u00e8s ont \u00e9t\u00e9 accomplis \u00e0 cet \u00e9gard&#8230;.<\/p>\n","protected":false},"author":1,"featured_media":6900,"comment_status":"closed","ping_status":"open","sticky":false,"template":"downloads-post.php","format":"standard","meta":{"footnotes":""},"categories":[485],"tags":[],"information-type":[],"authors":[],"country":[],"years":[329],"class_list":["post-7612","post","type-post","status-publish","format-standard","has-post-thumbnail","hentry","category-recherche","years-2023-fr"],"_links":{"self":[{"href":"https:\/\/www.child-identity.org\/fr\/wp-json\/wp\/v2\/posts\/7612","targetHints":{"allow":["GET"]}}],"collection":[{"href":"https:\/\/www.child-identity.org\/fr\/wp-json\/wp\/v2\/posts"}],"about":[{"href":"https:\/\/www.child-identity.org\/fr\/wp-json\/wp\/v2\/types\/post"}],"author":[{"embeddable":true,"href":"https:\/\/www.child-identity.org\/fr\/wp-json\/wp\/v2\/users\/1"}],"replies":[{"embeddable":true,"href":"https:\/\/www.child-identity.org\/fr\/wp-json\/wp\/v2\/comments?post=7612"}],"version-history":[{"count":2,"href":"https:\/\/www.child-identity.org\/fr\/wp-json\/wp\/v2\/posts\/7612\/revisions"}],"predecessor-version":[{"id":7614,"href":"https:\/\/www.child-identity.org\/fr\/wp-json\/wp\/v2\/posts\/7612\/revisions\/7614"}],"wp:featuredmedia":[{"embeddable":true,"href":"https:\/\/www.child-identity.org\/fr\/wp-json\/wp\/v2\/media\/6900"}],"wp:attachment":[{"href":"https:\/\/www.child-identity.org\/fr\/wp-json\/wp\/v2\/media?parent=7612"}],"wp:term":[{"taxonomy":"category","embeddable":true,"href":"https:\/\/www.child-identity.org\/fr\/wp-json\/wp\/v2\/categories?post=7612"},{"taxonomy":"post_tag","embeddable":true,"href":"https:\/\/www.child-identity.org\/fr\/wp-json\/wp\/v2\/tags?post=7612"},{"taxonomy":"information-type","embeddable":true,"href":"https:\/\/www.child-identity.org\/fr\/wp-json\/wp\/v2\/information-type?post=7612"},{"taxonomy":"authors","embeddable":true,"href":"https:\/\/www.child-identity.org\/fr\/wp-json\/wp\/v2\/authors?post=7612"},{"taxonomy":"country","embeddable":true,"href":"https:\/\/www.child-identity.org\/fr\/wp-json\/wp\/v2\/country?post=7612"},{"taxonomy":"years","embeddable":true,"href":"https:\/\/www.child-identity.org\/fr\/wp-json\/wp\/v2\/years?post=7612"}],"curies":[{"name":"wp","href":"https:\/\/api.w.org\/{rel}","templated":true}]}}